{"id":23335,"date":"2020-11-27T12:19:42","date_gmt":"2020-11-27T17:19:42","guid":{"rendered":"https:\/\/canada-info.ca\/?p=23335"},"modified":"2020-11-27T12:19:42","modified_gmt":"2020-11-27T17:19:42","slug":"pascan-aviations-new-saab-340b-plane-takes-flight","status":"publish","type":"post","link":"https:\/\/canada-info.ca\/en\/pascan-aviations-new-saab-340b-plane-takes-flight\/","title":{"rendered":"Pascan Aviation&#8217;s new SAAB 340B plane takes flight!"},"content":{"rendered":"<p>The new SAAB model took its first flight to the Magdalen Islands this week. For its inaugural flight (\"PSC345\"), Pascan Aviation's plane departed from Quebec City (YQB) and headed to \u00celes-de-la-Madeleine (YGR) via Gasp\u00e9 (YGP).<\/p>\n<p>On the return flight back to Quebec City, local MNA <strong><a class=\"oajrlxb2 g5ia77u1 qu0x051f esr5mh6w e9989ue4 r7d6kgcz rq0escxv nhd2j8a9 nc684nl6 p7hjln8o kvgmc6g5 cxmmr5t8 oygrvhab hcukyx3x jb3vyjys rz4wbd8a qt6c0cv9 a8nywdso i1ao9s8h esuyzwwr f1sip0of lzcic4wl oo9gr5id gpro0wi8 lrazzd5p\" role=\"link\" href=\"https:\/\/www.facebook.com\/joelarseneauDepute\/?__cft__[0]=AZWPQcVB2ivlB-cX8MMC95CPbglz-rwYmNCdQdlby5XxwP1zCPE26ev-h8cNVZOytHhGwtsW8Ju0xoyGrwfLdVKLYOQ36yCgLOwiFoeVBuwU1EElzZ2YFIqZelBEKOs1IG_aiBw_tr6dKAuupepzF3qm&amp;__tn__=-UC%2CP-R\">Jo\u00ebl Arseneau<\/a>\u00a0<\/strong>was on the flight. He said the flight was enjoyable and he also helped a mother traveling on the same flight by taking care of the baby (L\u00e9o), while she attended to her other child.<\/p>\n<div id=\"attachment_23631\" style=\"width: 499px\" class=\"wp-caption aligncenter\"><img aria-describedby=\"caption-attachment-23631\" class=\" wp-image-23631\" src=\"https:\/\/canada-info.ca\/wp-content\/uploads\/2020\/11\/MNA-Joel-Arseneau-YGR-airport-First-Pascan-flight--500x375.jpg\" alt=\"A photo of local MNA Jo\u00ebl Arseneau before boarding flight to Quebec\" width=\"489\" height=\"367\" srcset=\"https:\/\/canada-info.ca\/wp-content\/uploads\/2020\/11\/MNA-Joel-Arseneau-YGR-airport-First-Pascan-flight--500x375.jpg 500w, https:\/\/canada-info.ca\/wp-content\/uploads\/2020\/11\/MNA-Joel-Arseneau-YGR-airport-First-Pascan-flight--287x215.jpg 287w, https:\/\/canada-info.ca\/wp-content\/uploads\/2020\/11\/MNA-Joel-Arseneau-YGR-airport-First-Pascan-flight-.jpg 960w\" sizes=\"(max-width: 489px) 100vw, 489px\" \/><p id=\"caption-attachment-23631\" class=\"wp-caption-text\">Jo\u00ebl Arseneau, Member of the National Assembly, prior to boarding a Pascan flight to Quebec City. Photo courtesy of Jo\u00ebl Arseneau's Facebook.<\/p><\/div>\n<p>The SAAB 340B is Pascan Aviation's latest model but COVID-19 has prevented others from being launched. Yani Gagnon, co-owner of Pascan Aviation, says the pandemic is delaying the almost complete renewal of its fleet by a few months.<\/p>\n<p>Gagnon, supports the Quebec government's direction to extend the Essential Air Services Support Program with existing carriers until March 31. According to Gagnon, this is the right assessment while waiting to think about the best ways to optimize the region's priority routes, in terms of frequencies and response to passenger and cargo volume, in the long term.<\/p>\n<p>He added that the number of trips is calculated within a range between a minimum number to meet the needs, and a maximum number to qualify for the balancing subsidy of the support program.<\/p>\n<div id=\"attachment_23353\" style=\"width: 393px\" class=\"wp-caption alignleft\"><img aria-describedby=\"caption-attachment-23353\" class=\" wp-image-23353\" src=\"https:\/\/canada-info.ca\/wp-content\/uploads\/2020\/11\/a\u00e9roport-768x576-1-500x375.jpg\" alt=\"A photo of the airport on the Magdalen Islands\" width=\"383\" height=\"287\" srcset=\"https:\/\/canada-info.ca\/wp-content\/uploads\/2020\/11\/a\u00e9roport-768x576-1-500x375.jpg 500w, https:\/\/canada-info.ca\/wp-content\/uploads\/2020\/11\/a\u00e9roport-768x576-1-287x215.jpg 287w, https:\/\/canada-info.ca\/wp-content\/uploads\/2020\/11\/a\u00e9roport-768x576-1.jpg 768w\" sizes=\"(max-width: 383px) 100vw, 383px\" \/><p id=\"caption-attachment-23353\" class=\"wp-caption-text\">Magdalen Island Airport (YGR). Photo by CFIM.<\/p><\/div>\n<div id=\"attachment_23357\" style=\"width: 458px\" class=\"wp-caption alignright\"><img aria-describedby=\"caption-attachment-23357\" class=\"wp-image-23357\" src=\"https:\/\/canada-info.ca\/wp-content\/uploads\/2020\/11\/Yani-Gagnon-Pascan-e1606318208650-768x493-1-500x321.jpg\" alt=\"Co-owner of Pascan Aviation, Yani Gagnon\" width=\"448\" height=\"287\" srcset=\"https:\/\/canada-info.ca\/wp-content\/uploads\/2020\/11\/Yani-Gagnon-Pascan-e1606318208650-768x493-1-500x321.jpg 500w, https:\/\/canada-info.ca\/wp-content\/uploads\/2020\/11\/Yani-Gagnon-Pascan-e1606318208650-768x493-1-320x205.jpg 320w, https:\/\/canada-info.ca\/wp-content\/uploads\/2020\/11\/Yani-Gagnon-Pascan-e1606318208650-768x493-1.jpg 768w\" sizes=\"(max-width: 448px) 100vw, 448px\" \/><p id=\"caption-attachment-23357\" class=\"wp-caption-text\">Yani Gagnon, co-owner of Pascan Aviation. Photo by CFIM.<\/p><\/div>\n<p>&nbsp;<\/p>\n<p>&nbsp;<\/p>\n<p>&nbsp;<\/p>\n<p>&nbsp;<\/p>\n<p>&nbsp;<\/p>\n<p>&nbsp;<\/p>\n<p>&nbsp;<\/p>\n<p>&nbsp;<\/p>\n<p>&nbsp;<\/p>\n<p>&nbsp;<\/p>\n<p>&nbsp;<\/p>\n<p>The minimum essential number of trips may vary from region to region depending on the time of year and other contractual factors.<\/p>\n<p>Gagnon also announced the reorganization of ramp and counter services, delegating to Trans-Sol the management of ground services throughout its network.<\/p>\n<p>He confirmed the layoff of about ten Pascan aux \u00celes employees who will, if necessary, have to be rehired by Trans-Sol, since the same number of employees assigned to the maintenance of ground equipment and counter services should be retained.<\/p>\n<p><strong>Here is Gagnon explaining the layoff's and transfer of service (in French).\u00a0<\/strong><\/p>\n<!--[if lt IE 9]><script>document.createElement('audio');<\/script><![endif]-->\n<audio class=\"wp-audio-shortcode\" id=\"audio-23335-1\" preload=\"none\" style=\"width: 100%;\" controls=\"controls\"><source type=\"audio\/mpeg\" src=\"https:\/\/canada-info.ca\/wp-content\/uploads\/2020\/11\/CLIP-2-TRANSPORT-PASCAN-AVIATION-YANI-GAGNON-ONDES-24-11-2020.mp3?_=1\" \/><a href=\"https:\/\/canada-info.ca\/wp-content\/uploads\/2020\/11\/CLIP-2-TRANSPORT-PASCAN-AVIATION-YANI-GAGNON-ONDES-24-11-2020.mp3\">https:\/\/canada-info.ca\/wp-content\/uploads\/2020\/11\/CLIP-2-TRANSPORT-PASCAN-AVIATION-YANI-GAGNON-ONDES-24-11-2020.mp3<\/a><\/audio>\n<p>&nbsp;<\/p>\n<p>Watch here to see the SAAB 340B's first departure from Quebec City (YQB): <a href=\"https:\/\/youtu.be\/Bt4YBaVfcxY\">https:\/\/youtu.be\/Bt4YBaVfcxY<\/a><\/p>\n","protected":false},"excerpt":{"rendered":"<p>The new SAAB model took its first flight to the Magdalen Islands this week. For its inaugural flight (&#8220;PSC345&#8221;), Pascan Aviation&#8217;s plane departed from Quebec City (YQB) and headed to \u00celes-de-la-Madeleine (YGR) via Gasp\u00e9 (YGP). On the return flight back to Quebec City, local MNA Jo\u00ebl Arseneau\u00a0was on the flight. He said the flight was&hellip;<\/p>\n","protected":false},"author":56,"featured_media":23355,"comment_status":"open","ping_status":"closed","sticky":false,"template":"","format":"standard","meta":[],"categories":[217,57,2602],"tags":[1797,3538,1507],"radio":[1422],"origine":[1748,274,260],"acf":[],"_links":{"self":[{"href":"https:\/\/canada-info.ca\/en\/wp-json\/wp\/v2\/posts\/23335"}],"collection":[{"href":"https:\/\/canada-info.ca\/en\/wp-json\/wp\/v2\/posts"}],"about":[{"href":"https:\/\/canada-info.ca\/en\/wp-json\/wp\/v2\/types\/post"}],"author":[{"embeddable":true,"href":"https:\/\/canada-info.ca\/en\/wp-json\/wp\/v2\/users\/56"}],"replies":[{"embeddable":true,"href":"https:\/\/canada-info.ca\/en\/wp-json\/wp\/v2\/comments?post=23335"}],"version-history":[{"count":0,"href":"https:\/\/canada-info.ca\/en\/wp-json\/wp\/v2\/posts\/23335\/revisions"}],"wp:featuredmedia":[{"embeddable":true,"href":"https:\/\/canada-info.ca\/en\/wp-json\/wp\/v2\/media\/23355"}],"wp:attachment":[{"href":"https:\/\/canada-info.ca\/en\/wp-json\/wp\/v2\/media?parent=23335"}],"wp:term":[{"taxonomy":"category","embeddable":true,"href":"https:\/\/canada-info.ca\/en\/wp-json\/wp\/v2\/categories?post=23335"},{"taxonomy":"post_tag","embeddable":true,"href":"https:\/\/canada-info.ca\/en\/wp-json\/wp\/v2\/tags?post=23335"},{"taxonomy":"radio","embeddable":true,"href":"https:\/\/canada-info.ca\/en\/wp-json\/wp\/v2\/radio?post=23335"},{"taxonomy":"origine","embeddable":true,"href":"https:\/\/canada-info.ca\/en\/wp-json\/wp\/v2\/origine?post=23335"}],"curies":[{"name":"wp","href":"https:\/\/api.w.org\/{rel}","templated":true}]}}