{"id":175703,"date":"2023-08-29T16:25:24","date_gmt":"2023-08-29T20:25:24","guid":{"rendered":"https:\/\/canada-info.ca\/?p=175703"},"modified":"2023-08-29T16:25:24","modified_gmt":"2023-08-29T20:25:24","slug":"inician-preparativos-de-status-for-all-en-toronto","status":"publish","type":"post","link":"https:\/\/canada-info.ca\/en\/inician-preparativos-de-status-for-all-en-toronto\/","title":{"rendered":"Inician preparativos de &#8216;Status For All&#8217; en Toronto"},"content":{"rendered":"<p><span style=\"font-weight: 400\">Diversas organizaciones ya se preparan para \u2018Status For All\u2019, movimiento ciudadano en el que miles de personas se unen pac\u00edficamente para solicitar al gobierno canadiense acciones de regularizaci\u00f3n y de estatus permanente para todos. Se pretende que la marcha se lleve a cabo el 17 de septiembre, un d\u00eda antes del regreso del Parlamento de su temporada de receso.\u00a0<\/span><\/p>\n<p><span style=\"font-weight: 400\">La principal demanda de esta movilizaci\u00f3n ciudadana es la de estatus de residencia permanente para todos, bajo los principios de dignidad y justicia para todos los migrantes en Canad\u00e1, asegura Luisa Ortiz-Garza miembro <\/span><span style=\"font-weight: 400\">de Alianza de Trabajadores Inmigrantes por el Cambio, <\/span><span style=\"font-weight: 400\">organizaci\u00f3n conformada y liderada por migrantes y una de las m\u00faltiples uniones que se unen para apoyar la causa.\u00a0<\/span><\/p>\n<blockquote><p><span style=\"font-weight: 400\">\u201cSi nadie dice nada, nada va a cambiar, somos miles de personas apoyando la justicia\u201d Luisa Ortiz-Garza.\u00a0<\/span><\/p><\/blockquote>\n<p><span style=\"font-weight: 400\">Semanas antes de la movilizaci\u00f3n, <\/span><span style=\"font-weight: 400\">Alianza de Trabajadores Inmigrantes por el Cambio ya <\/span><span style=\"font-weight: 400\">ha comenzado la planificaci\u00f3n de acciones con miembros de diferentes sectores, y se tiene previsto que llegue a Toronto un autob\u00fas desde Niagara con trabajadores agr\u00edcolas, quienes llegan tambi\u00e9n para apoyar en la marcha.<\/span><\/p>\n<p><span style=\"font-weight: 400\">Esta movimiento se realiza desde el 2007 pero las acciones entorno a este tema se hacen cotidianamente, dentro de las numerosas organizaciones que apoyan esta lucha se encuentran instituciones de diversos \u00e1mbitos como religiosos o sindicales, y se estima que hasta el momento son m\u00e1s de diez acciones por todo el pa\u00eds las que estar\u00e1n apoyando.<\/span><\/p>\n","protected":false},"excerpt":{"rendered":"<p>Diversas organizaciones ya se preparan para \u2018Status For All\u2019, movimiento ciudadano en el que miles de personas se unen pac\u00edficamente para solicitar al gobierno canadiense acciones de regularizaci\u00f3n y de estatus permanente para todos. Se pretende que la marcha se lleve a cabo el 17 de septiembre, un d\u00eda antes del regreso del Parlamento de&hellip;<\/p>\n","protected":false},"author":141,"featured_media":175711,"comment_status":"closed","ping_status":"closed","sticky":false,"template":"","format":"standard","meta":[],"categories":[57],"tags":[26993,29752,29702],"radio":[13057],"origine":[267,269,273],"acf":[],"_links":{"self":[{"href":"https:\/\/canada-info.ca\/en\/wp-json\/wp\/v2\/posts\/175703"}],"collection":[{"href":"https:\/\/canada-info.ca\/en\/wp-json\/wp\/v2\/posts"}],"about":[{"href":"https:\/\/canada-info.ca\/en\/wp-json\/wp\/v2\/types\/post"}],"author":[{"embeddable":true,"href":"https:\/\/canada-info.ca\/en\/wp-json\/wp\/v2\/users\/141"}],"replies":[{"embeddable":true,"href":"https:\/\/canada-info.ca\/en\/wp-json\/wp\/v2\/comments?post=175703"}],"version-history":[{"count":7,"href":"https:\/\/canada-info.ca\/en\/wp-json\/wp\/v2\/posts\/175703\/revisions"}],"predecessor-version":[{"id":175950,"href":"https:\/\/canada-info.ca\/en\/wp-json\/wp\/v2\/posts\/175703\/revisions\/175950"}],"wp:featuredmedia":[{"embeddable":true,"href":"https:\/\/canada-info.ca\/en\/wp-json\/wp\/v2\/media\/175711"}],"wp:attachment":[{"href":"https:\/\/canada-info.ca\/en\/wp-json\/wp\/v2\/media?parent=175703"}],"wp:term":[{"taxonomy":"category","embeddable":true,"href":"https:\/\/canada-info.ca\/en\/wp-json\/wp\/v2\/categories?post=175703"},{"taxonomy":"post_tag","embeddable":true,"href":"https:\/\/canada-info.ca\/en\/wp-json\/wp\/v2\/tags?post=175703"},{"taxonomy":"radio","embeddable":true,"href":"https:\/\/canada-info.ca\/en\/wp-json\/wp\/v2\/radio?post=175703"},{"taxonomy":"origine","embeddable":true,"href":"https:\/\/canada-info.ca\/en\/wp-json\/wp\/v2\/origine?post=175703"}],"curies":[{"name":"wp","href":"https:\/\/api.w.org\/{rel}","templated":true}]}}