{"id":167803,"date":"2023-07-19T09:21:58","date_gmt":"2023-07-19T13:21:58","guid":{"rendered":"https:\/\/canada-info.ca\/?p=167803"},"modified":"2023-07-19T12:05:06","modified_gmt":"2023-07-19T16:05:06","slug":"primera-muestra-empresarial-del-consulado-de-colombia-en-toronto","status":"publish","type":"post","link":"https:\/\/canada-info.ca\/en\/primera-muestra-empresarial-del-consulado-de-colombia-en-toronto\/","title":{"rendered":"Primer muestra empresarial de &#8216;Colombia Nos Une&#8217; en consulado de Colombia en Toronto"},"content":{"rendered":"<p><span style=\"font-weight: 400\">Se llev\u00f3 a cabo la primera muestra empresarial organizada por la canciller\u00eda en el Consulado de Colombia en Toronto. El evento reuni\u00f3 a una decena de emprendedores de distintos \u00e1mbitos como florister\u00eda, artesan\u00eda, finanzas y arquitectura, quienes tuvieron la oportunidad de compartir sus proyectos con los asistentes. La iniciativa del grupo interno de trabajo \u2018Colombia Nos Une\u2019 tuvo como objetivo visibilizar a los nuevos emprendedores en Canad\u00e1.\u00a0<\/span><\/p>\n<p><span style=\"font-weight: 400\">La reuni\u00f3n fue organizada por una de las mesas interinstitucionales de \u2018Colombia Nos Une\u2019 un grupo interno de trabajo perteneciente a la Canciller\u00eda basado en el desarrollo de actividades a trav\u00e9s de distintas mesas de trabajo que tratan de diversos temas relevantes para la comunidad. Una de las prioridades de este proyecto es la vinculaci\u00f3n de profesionales en distintas \u00e1reas con la comunidad, esto a trav\u00e9s del desarrollo de diversas actividades.<\/span><\/p>\n<p><span style=\"font-weight: 400\">Entre las mesas de trabajo, existe la mesa de trabajo cultural, de desarrollo empresarial, de ciencias de la salud y de sociedad civil, un ejemplo de las actividades es la creaci\u00f3n de una campa\u00f1a de salud mental que promueve informaci\u00f3n en torno a este tema a trav\u00e9s de actividades hechas por y para la comunidad. As\u00ed lo expres\u00f3 Rubiel Chica, profesional del grupo interno de \u2018Colombia nos Une\u2019 del Consulado de Colombia en Toronto.\u00a0<\/span><\/p>\n<p><span style=\"font-weight: 400\">La primera de tres muestras empresariales, tuvo lugar el 14 de julio, desde las 10 de la ma\u00f1ana y hasta las 6 de la tarde en las oficinas consulares. Al respecto conversamos con Rubiel Chica, quien expresa que parte de los objetivos y del impacto de este tipo de actividades es unir m\u00e1s a los colombianos radicados en Toronto, pero tambi\u00e9n a la comunidad latinoamericana.\u00a0<\/span><\/p>\n<p><strong>M\u00e1s detalles sobre esta nota en el siguiente audio:\u00a0<\/strong><\/p>\n","protected":false},"excerpt":{"rendered":"<p>Se llev\u00f3 a cabo la primera muestra empresarial organizada por la canciller\u00eda en el Consulado de Colombia en Toronto. El evento reuni\u00f3 a una decena de emprendedores de distintos \u00e1mbitos como florister\u00eda, artesan\u00eda, finanzas y arquitectura, quienes tuvieron la oportunidad de compartir sus proyectos con los asistentes. La iniciativa del grupo interno de trabajo \u2018Colombia&hellip;<\/p>\n","protected":false},"author":141,"featured_media":167815,"comment_status":"closed","ping_status":"closed","sticky":false,"template":"","format":"standard","meta":[],"categories":[217,57],"tags":[8858,26992,1485],"radio":[13057],"origine":[267,269,273],"acf":[],"_links":{"self":[{"href":"https:\/\/canada-info.ca\/en\/wp-json\/wp\/v2\/posts\/167803"}],"collection":[{"href":"https:\/\/canada-info.ca\/en\/wp-json\/wp\/v2\/posts"}],"about":[{"href":"https:\/\/canada-info.ca\/en\/wp-json\/wp\/v2\/types\/post"}],"author":[{"embeddable":true,"href":"https:\/\/canada-info.ca\/en\/wp-json\/wp\/v2\/users\/141"}],"replies":[{"embeddable":true,"href":"https:\/\/canada-info.ca\/en\/wp-json\/wp\/v2\/comments?post=167803"}],"version-history":[{"count":14,"href":"https:\/\/canada-info.ca\/en\/wp-json\/wp\/v2\/posts\/167803\/revisions"}],"predecessor-version":[{"id":168062,"href":"https:\/\/canada-info.ca\/en\/wp-json\/wp\/v2\/posts\/167803\/revisions\/168062"}],"wp:featuredmedia":[{"embeddable":true,"href":"https:\/\/canada-info.ca\/en\/wp-json\/wp\/v2\/media\/167815"}],"wp:attachment":[{"href":"https:\/\/canada-info.ca\/en\/wp-json\/wp\/v2\/media?parent=167803"}],"wp:term":[{"taxonomy":"category","embeddable":true,"href":"https:\/\/canada-info.ca\/en\/wp-json\/wp\/v2\/categories?post=167803"},{"taxonomy":"post_tag","embeddable":true,"href":"https:\/\/canada-info.ca\/en\/wp-json\/wp\/v2\/tags?post=167803"},{"taxonomy":"radio","embeddable":true,"href":"https:\/\/canada-info.ca\/en\/wp-json\/wp\/v2\/radio?post=167803"},{"taxonomy":"origine","embeddable":true,"href":"https:\/\/canada-info.ca\/en\/wp-json\/wp\/v2\/origine?post=167803"}],"curies":[{"name":"wp","href":"https:\/\/api.w.org\/{rel}","templated":true}]}}