{"id":167384,"date":"2023-07-17T16:34:51","date_gmt":"2023-07-17T20:34:51","guid":{"rendered":"https:\/\/canada-info.ca\/?p=167384"},"modified":"2023-07-17T16:43:26","modified_gmt":"2023-07-17T20:43:26","slug":"accesibilidad-a-programas-de-recreacion-de-verano-en-toronto","status":"publish","type":"post","link":"https:\/\/canada-info.ca\/en\/accesibilidad-a-programas-de-recreacion-de-verano-en-toronto\/","title":{"rendered":"Accesibilidad a programas de recreaci\u00f3n de verano en Toronto"},"content":{"rendered":"<p><span style=\"font-weight: 400\">Radio CHHA 1610 AM realiz\u00f3 un <\/span><a href=\"https:\/\/docs.google.com\/forms\/d\/1XILB5PzQ2JtxMW2HlFNR-PvPcnrpPzhkl6SDYkh4D3A\/edit#responses\"><span style=\"font-weight: 400\">sondeo<\/span><\/a><span style=\"font-weight: 400\"> que estuvo conformado de 5 preguntas de opci\u00f3n m\u00faltiple, en el que se invit\u00f3 a la audiencia de la radio hispana a que opinaran <\/span><span style=\"font-weight: 400\">sobre la accesibilidad a programas de verano en Toronto.<\/span><span style=\"font-weight: 400\"> En este ejercicio se obtuvo que el 75% de los participantes ten\u00edan a un menor en edad escolar de vacaciones, pero el 83% de esos\u00a0 ni\u00f1os no asist\u00edan a ning\u00fan curso de verano. Al preguntar a los participantes sobre si consideraban que los programas de recreaci\u00f3n del gobierno son accesibles, el 41.7 % consider\u00f3 que no para todos y\u00a0 solo el 58.3 % de los votantes considera a los programas de recreaci\u00f3n de verano del gobierno de Toronto como una opci\u00f3n viable.\u00a0<\/span><\/p>\n<p><span style=\"font-weight: 400\">Pese a la oferta de programas a\u00fan disponibles, algunos de los residentes de la ciudad no tienen accesibilidad a esta opci\u00f3n subsidiada por el gobierno. La realidad para muchas familias que buscan un espacio para sus hijos en alg\u00fan programa de recreaci\u00f3n de verano en Toronto es que al momento del turno asignado para el registro, muchos de los lugares ya han sido ocupados, y las opciones que quedan disponibles dejan de ser accesibles debido a los horarios o a la lejan\u00eda, lo que provoca que estos programas ya no se adapten a las necesidades de cada familia, por lo que muchos padres deciden buscar otras opciones como los cursos de verano privados.\u00a0<\/span><\/p>\n<p><span style=\"font-weight: 400\">La oferta de campamentos de verano privados en la ciudad aunque es bastante amplia, tambi\u00e9n es costosa, los\u00a0 precios van desde los trescientos y hasta los ochocientos d\u00f3lares por semana y por ni\u00f1o, esto dependiendo las actividades o la duraci\u00f3n, lo que hace que las tarifas por un programa de verano alcancen cifras que muy pocas familias podr\u00edan solventar, esto tomando en cuenta el sondeo que realiz\u00f3 CHHA 1610 AM a su audiencia, en el que m\u00e1s de una decena participaron y en el que se obtuvo que el 91.7% de los participantes consideran que los programas de verano privados no son asequibles.\u00a0<\/span><\/p>\n<p><span style=\"font-weight: 400\">\u00a0La oferta de programas de recreaci\u00f3n de verano este a\u00f1o en la ciudad de Toronto cont\u00f3 con m\u00e1s de 6 mil cursos y cerca de 55 mil espacios disponibles. Las actividades iniciaron la semana del 4 de julio y estar\u00e1n disponibles hasta el 1 de septiembre, debido a la alta demanda para poder inscribir a los ni\u00f1os a alguna de estas opciones, previamente se deb\u00eda llevar a cabo un registro que inici\u00f3 desde el mes de junio.<\/span><\/p>\n<p><span style=\"font-weight: 400\">En este contexto Luis Rojas, Director Ejecutivo y Art\u00edstico de Casa Ma\u00edz un centro cultural, y\u00a0 lugar que ofrece un programa de verano llamado \u2018Semillas Latinas\u2019, nos habla sobre otra visi\u00f3n en torno a la accesibilidad de los programas de verano en Toronto, esto desde su experiencia por m\u00e1s de diez a\u00f1os como director del centro cultural, pero tambi\u00e9n como padre. Adem\u00e1s nos habla de la escasez de buenos programas de recreaci\u00f3n en la ciudad y sobre la buena oportunidad que representan los programas de verano para la inserci\u00f3n de los ni\u00f1os en una sociedad como la canadiense. Luis Rojas, adem\u00e1s aborda brevemente la necesidad de m\u00e1s fondos del gobierno a este tipo de programas de verano art\u00edsticos.\u00a0\u00a0<\/span><\/p>\n","protected":false},"excerpt":{"rendered":"<p>Radio CHHA 1610 AM realiz\u00f3 un sondeo que estuvo conformado de 5 preguntas de opci\u00f3n m\u00faltiple, en el que se invit\u00f3 a la audiencia de la radio hispana a que opinaran sobre la accesibilidad a programas de verano en Toronto. En este ejercicio se obtuvo que el 75% de los participantes ten\u00edan a un menor&hellip;<\/p>\n","protected":false},"author":141,"featured_media":167388,"comment_status":"closed","ping_status":"closed","sticky":false,"template":"","format":"standard","meta":[],"categories":[57,221],"tags":[28278,16345],"radio":[13057],"origine":[267,269,273],"acf":[],"_links":{"self":[{"href":"https:\/\/canada-info.ca\/en\/wp-json\/wp\/v2\/posts\/167384"}],"collection":[{"href":"https:\/\/canada-info.ca\/en\/wp-json\/wp\/v2\/posts"}],"about":[{"href":"https:\/\/canada-info.ca\/en\/wp-json\/wp\/v2\/types\/post"}],"author":[{"embeddable":true,"href":"https:\/\/canada-info.ca\/en\/wp-json\/wp\/v2\/users\/141"}],"replies":[{"embeddable":true,"href":"https:\/\/canada-info.ca\/en\/wp-json\/wp\/v2\/comments?post=167384"}],"version-history":[{"count":5,"href":"https:\/\/canada-info.ca\/en\/wp-json\/wp\/v2\/posts\/167384\/revisions"}],"predecessor-version":[{"id":167699,"href":"https:\/\/canada-info.ca\/en\/wp-json\/wp\/v2\/posts\/167384\/revisions\/167699"}],"wp:featuredmedia":[{"embeddable":true,"href":"https:\/\/canada-info.ca\/en\/wp-json\/wp\/v2\/media\/167388"}],"wp:attachment":[{"href":"https:\/\/canada-info.ca\/en\/wp-json\/wp\/v2\/media?parent=167384"}],"wp:term":[{"taxonomy":"category","embeddable":true,"href":"https:\/\/canada-info.ca\/en\/wp-json\/wp\/v2\/categories?post=167384"},{"taxonomy":"post_tag","embeddable":true,"href":"https:\/\/canada-info.ca\/en\/wp-json\/wp\/v2\/tags?post=167384"},{"taxonomy":"radio","embeddable":true,"href":"https:\/\/canada-info.ca\/en\/wp-json\/wp\/v2\/radio?post=167384"},{"taxonomy":"origine","embeddable":true,"href":"https:\/\/canada-info.ca\/en\/wp-json\/wp\/v2\/origine?post=167384"}],"curies":[{"name":"wp","href":"https:\/\/api.w.org\/{rel}","templated":true}]}}