{"id":166186,"date":"2023-07-12T14:45:07","date_gmt":"2023-07-12T18:45:07","guid":{"rendered":"https:\/\/canada-info.ca\/?p=166186"},"modified":"2023-07-13T09:49:26","modified_gmt":"2023-07-13T13:49:26","slug":"el-impacto-de-la-nueva-politica-publica-que-permite-que-algunos-trabajadores-temporales-estudien-sin-un-permiso-de-estudios","status":"publish","type":"post","link":"https:\/\/canada-info.ca\/en\/el-impacto-de-la-nueva-politica-publica-que-permite-que-algunos-trabajadores-temporales-estudien-sin-un-permiso-de-estudios\/","title":{"rendered":"El impacto de la nueva pol\u00edtica p\u00fablica que permite que algunos trabajadores temporales estudien sin un permiso de estudios"},"content":{"rendered":"<p><span style=\"font-weight: 400;\">De acuerdo a una <a href=\"https:\/\/www.canada.ca\/en\/immigration-refugees-citizenship\/news\/2023\/06\/new-measure-to-benefit-foreign-workers-looking-to-improve-their-skills.html\" target=\"_blank\" rel=\"noopener\">nueva pol\u00edtica p\u00fablica <\/a>anunciada el 27 de junio por Sean Fraser, Ministro de Inmigraci\u00f3n, Refugiados y Ciudadan\u00eda de Canad\u00e1 (IRCC, por sus siglas en ingl\u00e9s) los trabajadores extranjeros temporales ahora podr\u00e1n estudiar adem\u00e1s de trabajar sin necesidad de solicitar un permiso de estudios adicional, esta autorizaci\u00f3n de estudios extendida para titulares de permiso de trabajo es parte de un programa piloto que busca derribar las barreras existentes para aquellos que desean mejorar su educaci\u00f3n y desarrollar sus competencias, sin embargo, las limitaciones que encuentran los trabajadores temporales podr\u00edan seguir latentes, sobre todo para aquellos que se encuentran en zonas alejadas de las instituciones educativas o que no cuentan con capacitaci\u00f3n en el idioma ingl\u00e9s, por lo que de acuerdo con los expertos el impacto en las comunidades migrantes podr\u00eda no tener una proyecci\u00f3n realista.\u00a0<\/span><\/p>\n<p><span style=\"font-weight: 400;\">Antes de esta iniciativa, el panorama para los trabajadores extranjeros era que pod\u00edan estudiar mientras trabajan, pero solo en programas de 6 meses o menos. Para programas m\u00e1s largos, ten\u00edan que solicitar un permiso de estudio, de acuerdo con Luis Alberto Mata, especialista en Inmigraci\u00f3n y miembro activo del Colegio de Consultores de Inmigraci\u00f3n y Ciudadan\u00eda \u2013 CICC, entidad que gobierna y controla a las y los consultores de inmigraci\u00f3n en Canad\u00e1, l<\/span><span style=\"font-weight: 400;\">a normativa tendr\u00eda que ir dirigida a otros segmentos, no solo a los trabajadores sino tambi\u00e9n a las instituciones. Aunque la normativa es interesante, y podr\u00eda representar una gran oportunidad, en la opini\u00f3n de los expertos esta medida temporal no se adapta necesariamente a la experiencia de todos los trabajadores temporales, y es en muchos casos limitada.\u00a0<\/span><\/p>\n<p><span style=\"font-weight: 400;\">De acuerdo con el gobierno canadiense, la inmigraci\u00f3n representa casi todo el crecimiento de la fuerza laboral de Canad\u00e1 y aproximadamente el 75% del crecimiento de la poblaci\u00f3n proviene de la inmigraci\u00f3n. Por lo que todas las pol\u00edticas que pretendan ayudar a los inmigrantes son muy bien recibidas, sin embargo tambi\u00e9n es importante analizar la eficacia y el impacto de estas medidas en un escenario real de la vida cotidiana. <\/span><span style=\"font-weight: 400;\">La medida temporal entr\u00f3 en vigor el 27 de junio de 2023 y estar\u00e1 vigente por los pr\u00f3ximos 3 a\u00f1os, es aplicable para los trabajadores extranjeros temporales que cuenten con un permiso de trabajo vigente o que hayan solicitado un permiso de trabajo o renovaci\u00f3n antes del 7 de junio de 2023, as\u00ed lo anunci\u00f3 el gobierno.<\/span><\/p>\n<p><strong>En entrevista, con Luis Alberto Mata, el especialista en inmigraci\u00f3n conversa sobre todos los detalles de esta pol\u00edtica p\u00fablica y su impacto en la comunidad:<\/strong><\/p>\n","protected":false},"excerpt":{"rendered":"<p>De acuerdo a una nueva pol\u00edtica p\u00fablica anunciada el 27 de junio por Sean Fraser, Ministro de Inmigraci\u00f3n, Refugiados y Ciudadan\u00eda de Canad\u00e1 (IRCC, por sus siglas en ingl\u00e9s) los trabajadores extranjeros temporales ahora podr\u00e1n estudiar adem\u00e1s de trabajar sin necesidad de solicitar un permiso de estudios adicional, esta autorizaci\u00f3n de estudios extendida para titulares&hellip;<\/p>\n","protected":false},"author":141,"featured_media":166188,"comment_status":"closed","ping_status":"closed","sticky":false,"template":"","format":"standard","meta":[],"categories":[57,221],"tags":[26993,23165],"radio":[13057],"origine":[267,269,273],"acf":[],"_links":{"self":[{"href":"https:\/\/canada-info.ca\/en\/wp-json\/wp\/v2\/posts\/166186"}],"collection":[{"href":"https:\/\/canada-info.ca\/en\/wp-json\/wp\/v2\/posts"}],"about":[{"href":"https:\/\/canada-info.ca\/en\/wp-json\/wp\/v2\/types\/post"}],"author":[{"embeddable":true,"href":"https:\/\/canada-info.ca\/en\/wp-json\/wp\/v2\/users\/141"}],"replies":[{"embeddable":true,"href":"https:\/\/canada-info.ca\/en\/wp-json\/wp\/v2\/comments?post=166186"}],"version-history":[{"count":11,"href":"https:\/\/canada-info.ca\/en\/wp-json\/wp\/v2\/posts\/166186\/revisions"}],"predecessor-version":[{"id":167371,"href":"https:\/\/canada-info.ca\/en\/wp-json\/wp\/v2\/posts\/166186\/revisions\/167371"}],"wp:featuredmedia":[{"embeddable":true,"href":"https:\/\/canada-info.ca\/en\/wp-json\/wp\/v2\/media\/166188"}],"wp:attachment":[{"href":"https:\/\/canada-info.ca\/en\/wp-json\/wp\/v2\/media?parent=166186"}],"wp:term":[{"taxonomy":"category","embeddable":true,"href":"https:\/\/canada-info.ca\/en\/wp-json\/wp\/v2\/categories?post=166186"},{"taxonomy":"post_tag","embeddable":true,"href":"https:\/\/canada-info.ca\/en\/wp-json\/wp\/v2\/tags?post=166186"},{"taxonomy":"radio","embeddable":true,"href":"https:\/\/canada-info.ca\/en\/wp-json\/wp\/v2\/radio?post=166186"},{"taxonomy":"origine","embeddable":true,"href":"https:\/\/canada-info.ca\/en\/wp-json\/wp\/v2\/origine?post=166186"}],"curies":[{"name":"wp","href":"https:\/\/api.w.org\/{rel}","templated":true}]}}