{"id":164683,"date":"2023-07-07T15:52:37","date_gmt":"2023-07-07T19:52:37","guid":{"rendered":"https:\/\/canada-info.ca\/?p=164683"},"modified":"2023-07-07T15:54:48","modified_gmt":"2023-07-07T19:54:48","slug":"dia-nacional-de-los-pueblos-indigenas-importancia-de-la-representacion-de-las-comunidades-indigenas-en-los-medios-de-comunicacion-canadienses","status":"publish","type":"post","link":"https:\/\/canada-info.ca\/en\/dia-nacional-de-los-pueblos-indigenas-importancia-de-la-representacion-de-las-comunidades-indigenas-en-los-medios-de-comunicacion-canadienses\/","title":{"rendered":"D\u00eda Nacional de los Pueblos Ind\u00edgenas: Importancia de la representaci\u00f3n de las comunidades ind\u00edgenas en los medios de comunicaci\u00f3n canadienses"},"content":{"rendered":"<p><em>Editor's Note: Alex Freedman is the director of the Community Radio Fund of Canada.\u00a0<\/em><\/p>\n<p>El 21 de junio en Canad\u00e1 es celebrado el D\u00eda Nacional de los Pueblos Ind\u00edgenas, en este d\u00eda se conmemora a la herencia y a la cultura de los pueblos ind\u00edgenas Primeras Naciones y M\u00e9tis e Inuit, reconocidos por la Constituci\u00f3n canadiense. Hay m\u00e1s de 630 comunidades de Primeras Naciones en Canad\u00e1, que representan m\u00e1s de 50 naciones y 50 lenguas ind\u00edgenas, y hay m\u00e1s de 1,67 millones de personas en Canad\u00e1 que se identifican como ind\u00edgenas, de acuerdo al censo de 2016. A pesar del gran aporte cultural de estos pueblos indigenas, siguen existiendo muchos estereotipos entorno a estas comunidades, y en este contexto, los medios de comunicaci\u00f3n juegan un papel importante en c\u00f3mo las audiencias se forman opiniones en torno a estos temas.<\/p>\n<p><span style=\"font-weight: 400\">De acuerdo a un art\u00edculo publicado en<\/span><a href=\"https:\/\/mediasmarts.ca\/digital-media-literacy\/media-issues\/diversity-media\/indigenous-people\/common-portrayals-indigenous-people\" target=\"_blank\" rel=\"noopener\"><span style=\"font-weight: 400\"> Canada\u2019s Centre For Digital and Media Literacy<\/span><\/a><span style=\"font-weight: 400\">, los medios siempre han dado forma a la percepci\u00f3n que el p\u00fablico tiene de los pueblos ind\u00edgenas. En el art\u00edculo <\/span><b>Common portrayals of Indigenous people <\/b>se<span style=\"font-weight: 400\">\u00a0menciona que \u201cLos pueblos ind\u00edgenas siguen estando muy estereotipados en la mayor\u00eda de los medios de comunicaci\u00f3n.\u201d Entonces <\/span><b>\u00bfLos medios de comunicaci\u00f3n generan discriminaci\u00f3n hacia las comunidades ind\u00edgenas o al contrario est\u00e1n generando empat\u00eda hacia los pueblos ind\u00edgenas?\u00a0<\/b><\/p>\n<p><span style=\"font-weight: 400\">Al respecto Alex Freedman director ejecutivo de Community Radio Fund of Canada habla sobre c\u00f3mo los medios de comunicaci\u00f3n ayudan en el proceso de reconciliaci\u00f3n de los pueblos ind\u00edgenas en Canad\u00e1. Freedman quien tambi\u00e9n fue Jefe de Gabinete de la Asamblea de las Primeras Naciones y trabaj\u00f3 como productor y reportero de CBC opina sobre la importancia de la representaci\u00f3n de las comunidades ind\u00edgenas en los medios de comunicaci\u00f3n canadienses.\u00a0<\/span><\/p>\n<blockquote><p>\"Cuantos m\u00e1s periodistas ind\u00edgenas trabajen en Canad\u00e1, m\u00e1s oportunidades tendr\u00e1 el resto de la sala de redacci\u00f3n donde trabajan de aprender y comprender.\"- Alex Freedman<\/p><\/blockquote>\n<p><span style=\"font-weight: 400\">De acuerdo al art\u00edculo 1 de la <\/span><a href=\"https:\/\/www.ohchr.org\/es\/instruments-mechanisms\/instruments\/international-convention-elimination-all-forms-racial\" target=\"_blank\" rel=\"noopener\"><span style=\"font-weight: 400\">Convenci\u00f3n Internacional sobre la Eliminaci\u00f3n de todas las formas de Discriminaci\u00f3n Racial<\/span><\/a><span style=\"font-weight: 400\">, la discriminaci\u00f3n racial se refiere a la exclusi\u00f3n por motivos de raza u origen que tiene como objetivo anular el reconocimiento, la igualdad y las libertades. Una de las manifestaciones de discriminaci\u00f3n se ve reflejada en la invisibilizaci\u00f3n de las comunidades o en la representaci\u00f3n de grupos vulnerables a trav\u00e9s de estereotipos. En este contexto, los medios de comunicaci\u00f3n, como factor de influencia en la opini\u00f3n p\u00fablica\u00a0 juegan un papel importante en c\u00f3mo el mundo ve y se forma opiniones acerca de las comunidades ind\u00edgenas, muchas veces estas opiniones basadas en estereotipos o prejuicios, generando discriminaci\u00f3n hac\u00eda estos grupos.<\/span><\/p>\n<p><span style=\"font-weight: 400\">De acuerdo a la <\/span><a href=\"https:\/\/news.un.org\/es\/story\/2019\/01\/1449962\" target=\"_blank\" rel=\"noopener\"><span style=\"font-weight: 400\">UNESCO<\/span><\/a><span style=\"font-weight: 400\"> en el mundo se hablan m\u00e1s de 6 mil lenguas ind\u00edgenas, sin embargo el 40 por ciento de esas lenguas corre el riesgo de desaparecer.<\/span><span style=\"font-weight: 400\"> Las causas de la p\u00e9rdida de una lengua ind\u00edgena pueden ocurrir por reubicaci\u00f3n forzada, migraci\u00f3n, racismo y discriminaci\u00f3n entre muchas otras<\/span><span style=\"font-weight: 400\">. <\/span><span style=\"font-weight: 400\">El racismo y la discriminaci\u00f3n son una de las tantas causas que provocan que las nuevas generaciones no usen ni transmitan sus lenguas tradicionales.\u00a0<\/span><\/p>\n<p><span style=\"font-weight: 400\">El Community Radio Fund of Canada (CRFC) es una organizaci\u00f3n de financiaci\u00f3n independiente sin fines de lucro. Su mandato es brindar apoyo a las m\u00e1s de 180 estaciones de radio comunitarias y universitarias en Canad\u00e1 y fomentar un sector de medios accesible, din\u00e1mico y bien dotado de recursos que ofrezca una s\u00f3lida transmisi\u00f3n comunitaria local.<\/span><\/p>\n<p>Escucha la entrevista de CHHA 1610 AM realizada por Silvia V\u00e9jar a Alex Freedman.<\/p>\n","protected":false},"excerpt":{"rendered":"<p>Editor&#8217;s Note: Alex Freedman is the director of the Community Radio Fund of Canada.\u00a0 El 21 de junio en Canad\u00e1 es celebrado el D\u00eda Nacional de los Pueblos Ind\u00edgenas, en este d\u00eda se conmemora a la herencia y a la cultura de los pueblos ind\u00edgenas Primeras Naciones y M\u00e9tis e Inuit, reconocidos por la Constituci\u00f3n&hellip;<\/p>\n","protected":false},"author":141,"featured_media":164693,"comment_status":"closed","ping_status":"closed","sticky":false,"template":"","format":"standard","meta":[],"categories":[57,16830],"tags":[27783,27785,27784,27786],"radio":[13057],"origine":[267,269,273],"acf":[],"_links":{"self":[{"href":"https:\/\/canada-info.ca\/en\/wp-json\/wp\/v2\/posts\/164683"}],"collection":[{"href":"https:\/\/canada-info.ca\/en\/wp-json\/wp\/v2\/posts"}],"about":[{"href":"https:\/\/canada-info.ca\/en\/wp-json\/wp\/v2\/types\/post"}],"author":[{"embeddable":true,"href":"https:\/\/canada-info.ca\/en\/wp-json\/wp\/v2\/users\/141"}],"replies":[{"embeddable":true,"href":"https:\/\/canada-info.ca\/en\/wp-json\/wp\/v2\/comments?post=164683"}],"version-history":[{"count":11,"href":"https:\/\/canada-info.ca\/en\/wp-json\/wp\/v2\/posts\/164683\/revisions"}],"predecessor-version":[{"id":166013,"href":"https:\/\/canada-info.ca\/en\/wp-json\/wp\/v2\/posts\/164683\/revisions\/166013"}],"wp:featuredmedia":[{"embeddable":true,"href":"https:\/\/canada-info.ca\/en\/wp-json\/wp\/v2\/media\/164693"}],"wp:attachment":[{"href":"https:\/\/canada-info.ca\/en\/wp-json\/wp\/v2\/media?parent=164683"}],"wp:term":[{"taxonomy":"category","embeddable":true,"href":"https:\/\/canada-info.ca\/en\/wp-json\/wp\/v2\/categories?post=164683"},{"taxonomy":"post_tag","embeddable":true,"href":"https:\/\/canada-info.ca\/en\/wp-json\/wp\/v2\/tags?post=164683"},{"taxonomy":"radio","embeddable":true,"href":"https:\/\/canada-info.ca\/en\/wp-json\/wp\/v2\/radio?post=164683"},{"taxonomy":"origine","embeddable":true,"href":"https:\/\/canada-info.ca\/en\/wp-json\/wp\/v2\/origine?post=164683"}],"curies":[{"name":"wp","href":"https:\/\/api.w.org\/{rel}","templated":true}]}}