{"id":147258,"date":"2023-04-04T12:32:34","date_gmt":"2023-04-04T16:32:34","guid":{"rendered":"https:\/\/canada-info.ca\/?p=147258"},"modified":"2023-04-04T12:32:34","modified_gmt":"2023-04-04T16:32:34","slug":"la-situacion-del-sistema-de-salud-publico-de-ontario-esta-relacionado-con-la-falta-de-democracia-y-un-problema-estructural-dice-profesora","status":"publish","type":"post","link":"https:\/\/canada-info.ca\/en\/la-situacion-del-sistema-de-salud-publico-de-ontario-esta-relacionado-con-la-falta-de-democracia-y-un-problema-estructural-dice-profesora\/","title":{"rendered":"La situaci\u00f3n del sistema de salud p\u00fablico de Ontario est\u00e1 relacionado con la falta de democracia y un problema estructural, dice profesora"},"content":{"rendered":"<p><span style=\"font-weight: 400\">Las noticias relacionadas con el sistema de salud de la provincia de Ontario no son pocas este \u00faltimo tiempo. Y seg\u00fan la profesora Anne-Emanuelle Birn, todas ellas llevan a pensar que este es un quiebre: Es \u201cun momento preocupante\u201d y se debe a \u201cuna falta de democracia\u201d y a un \u201cproblema estructural\u201d dijo.<\/span><\/p>\n<p><span style=\"font-weight: 400\">La profesora de la Universidad de Toronto y experta en historia, pol\u00edticas de la salud internacional e historia de la salud p\u00fablica, comparti\u00f3 estas opiniones en una entrevista que abord\u00f3 de manera ampliada la situaci\u00f3n que enfrenta el sistema de salud p\u00fablico en la provincia de Ontario.\u00a0<\/span><\/p>\n<p><span style=\"font-weight: 400\">Y es que actualmente los cambios en el sistema p\u00fablico empiezan a notarse. <\/span><span style=\"font-weight: 400\"><br \/>\n<\/span><span style=\"font-weight: 400\"><br \/>\n<\/span><span style=\"font-weight: 400\">Por ejemplo desde el 31 de marzo de 2023, entra en vigor la <\/span><a href=\"https:\/\/www.health.gov.on.ca\/en\/pro\/programs\/ohip\/bulletins\/4000\/bul4749.aspx\" target=\"_blank\" rel=\"noopener\"><span style=\"font-weight: 400\">disposici\u00f3n<\/span><\/a><span style=\"font-weight: 400\"> de cerrar el programa que hab\u00eda brindado acceso a la\u00a0 atenci\u00f3n primaria y atenci\u00f3n hospitalaria a personas sin seguro.<\/span><\/p>\n<p><span style=\"font-weight: 400\">Pero a\u00fan m\u00e1s all\u00e1, porque son diversas las organizaciones que contin\u00faan alertando que las pol\u00edticas p\u00fablicas est\u00e1n apuntando a la privatizaci\u00f3n del sistema de salud.\u00a0<\/span><\/p>\n<p><span style=\"font-weight: 400\">As\u00ed lo hizo recientemente la Asociaci\u00f3n de enfermeras de Ontario, <\/span><a href=\"https:\/\/www.ona.org\/news-posts\/20230323-ontario-budget\/\" target=\"_blank\" rel=\"noopener\"><span style=\"font-weight: 400\">ONA<\/span><\/a><span style=\"font-weight: 400\">, ante su preocupaci\u00f3n por la propuesta de presupuesto provincial, porque seg\u00fan sostienen, no solventa las deficiencias del sistema de salud.\u00a0<\/span><\/p>\n<p><span style=\"font-weight: 400\">\u201cEste presupuesto (provincial) es el \u00faltimo ataque a la salud p\u00fablica por parte de este gobierno conservador. Desde la ley de reducci\u00f3n de salarios inconstitucional, el <\/span><a href=\"https:\/\/canada-info.ca\/en\/creer-que-incluir-clinicas-privadas-en-el-sistema-de-salud-resolvera-los-atrasos-es-un-analisis-superficial-dice-doctor-investigador\/\" target=\"_blank\" rel=\"noopener\"><span style=\"font-weight: 400\">Proyecto de Ley 124<\/span><\/a><span style=\"font-weight: 400\">, hasta la desregulaci\u00f3n de los proveedores de atenci\u00f3n m\u00e9dica en el <\/span><a href=\"https:\/\/canada-info.ca\/en\/creer-que-incluir-clinicas-privadas-en-el-sistema-de-salud-resolvera-los-atrasos-es-un-analisis-superficial-dice-doctor-investigador\/\" target=\"_blank\" rel=\"noopener\"><span style=\"font-weight: 400\">Proyecto de Ley 60<\/span><\/a><span style=\"font-weight: 400\">, y ahora este presupuesto, est\u00e1 claro que el Sr. Ford est\u00e1 decidido a destruir la atenci\u00f3n m\u00e9dica p\u00fablica a favor de enriquecer a los proveedores con fines de lucro\u201d, dice el comunicado.\u00a0<\/span><\/p>\n<p><span style=\"font-weight: 400\">En la propuesta de presupuesto el gobierno ha propuesto invertir $200 millones en apoyo para aumentar la fuerza laboral del sector de la salud. El presupuesto incluye $22 millones para contratar hasta 200 preceptores de hospital, que supervisan a los estudiantes, $15 millones para mantener en la fuerza laboral a 100 enfermeras de carrera media y avanzada y $4,3 millones para obtener al menos 50 m\u00e9dicos capacitados internacionalmente con licencia en Ontario.\u00a0<\/span><span style=\"font-weight: 400\"><br \/>\n<\/span><\/p>\n<p><span style=\"font-weight: 400\">Pero la ONA\u00a0 no es la \u00fanica en creer que es insuficiente. Otra similar, la Asociaci\u00f3n de Enfermeras Registradas de Ontario,<\/span><a href=\"https:\/\/rnao.ca\/news\/media-releases\/rnao-says-budget-recovery-plan-leaves-the-health-of-ontarians-and-nursing\" target=\"_blank\" rel=\"noopener\"><span style=\"font-weight: 400\">ONA<\/span><\/a><span style=\"font-weight: 400\">, que consideran a esta inversi\u00f3n como una inversi\u00f3n modesta que no solventa la crisis. Y tambi\u00e9n llaman la atenci\u00f3n, nuevamente, sobre el impacto que tiene la Ley 124 en los salarios y por lo tanto en la retenci\u00f3n de personal de enfermer\u00eda.<br \/>\n<\/span><span style=\"font-weight: 400\"><br \/>\n<\/span><span style=\"font-weight: 400\">Y no es la \u00fanica preocupaci\u00f3n de la <\/span><a href=\"https:\/\/rnao.ca\/news\/media-releases\/federal-government-must-act-as-guardian-of-canadas-universal-health-system\" target=\"_blank\" rel=\"noopener\"><span style=\"font-weight: 400\">RNAO<\/span><\/a><span style=\"font-weight: 400\">, incluso ha hecho un llamado al Gobierno Federal a que sea guardian de la salud p\u00fablica de la provincia, pues aseguran que hay un gran riesgo de que la provincia desv\u00ede los fondos destinados originalmente a la salud.\u00a0<\/span><\/p>\n<p><span style=\"font-weight: 400\">\u201cLa gente de nuestra provincia y del pa\u00eds deber\u00eda estar indignada porque hay un impulso abierto hacia la provisi\u00f3n de atenci\u00f3n m\u00e9dica con fines de lucro\u201d dijo la Dra. Doris Grinspun, CEO de RNAO para el comunicado oficial.<\/span><span style=\"font-weight: 400\">\u00a0<\/span><\/p>\n<div id=\"attachment_147279\" style=\"width: 510px\" class=\"wp-caption alignnone\"><img aria-describedby=\"caption-attachment-147279\" class=\"size-medium wp-image-147279\" src=\"https:\/\/canada-info.ca\/wp-content\/uploads\/2023\/03\/FsjNsrUWAAIXU6e-500x375.jpeg\" alt=\"una fila de personas sobre un paso cebra sostienen carteles \" width=\"500\" height=\"375\" srcset=\"https:\/\/canada-info.ca\/wp-content\/uploads\/2023\/03\/FsjNsrUWAAIXU6e-500x375.jpeg 500w, https:\/\/canada-info.ca\/wp-content\/uploads\/2023\/03\/FsjNsrUWAAIXU6e-1024x768.jpeg 1024w, https:\/\/canada-info.ca\/wp-content\/uploads\/2023\/03\/FsjNsrUWAAIXU6e-1536x1152.jpeg 1536w, https:\/\/canada-info.ca\/wp-content\/uploads\/2023\/03\/FsjNsrUWAAIXU6e-287x215.jpeg 287w, https:\/\/canada-info.ca\/wp-content\/uploads\/2023\/03\/FsjNsrUWAAIXU6e.jpeg 2048w\" sizes=\"(max-width: 500px) 100vw, 500px\" \/><p id=\"caption-attachment-147279\" class=\"wp-caption-text\">La tarde del jueves varios trabajadores de la salud y simpatizantes salieron a los alrededores y de Queen's Park para exigir que no se retire el plan de atenci\u00f3n m\u00e9dica para personas sin seguro, iniciativa que se hab\u00eda dispuesto al inicio de la pandemia. Foto: @HealthForAllNow<\/p><\/div>\n<p><span style=\"font-weight: 400\">Ante estos llamados de atenci\u00f3n el Gobierno del Premier Doug Ford ha insistido en que \u201cel status quo no est\u00e1 funcionado\u201d al referirse a la manera en que ha venido funcionando el sistema de salud p\u00fablica en Ontario.\u00a0<\/span><\/p>\n<p><span style=\"font-weight: 400\">Consecuencia de esta visi\u00f3n, Ford apel\u00f3 a una decisi\u00f3n de una corte de eliminar la Ley 124 e insiste en que el usuario final \u201cno pagar\u00e1 con su tarjeta de cr\u00e9dito\u201d ninguna de las cirug\u00edas que realice una cl\u00ednica privada, en caso de que se apruebe el proyecto de Ley 60 que propone destinar dineros p\u00fablicos a cl\u00ednicas privadas para que sean estas las que solventen la larga lista de cirug\u00edas de espera.\u00a0<\/span><\/p>\n<p><span style=\"font-weight: 400\">Pero seg\u00fan la profesora Birn, el gobierno provincial \u201cmanipu<\/span><\/p>\n<p><span style=\"font-weight: 400\">la mucho la situaci\u00f3n o los los datos de la situaci\u00f3n\u201d<\/span><span style=\"font-weight: 400\"><br \/>\n<\/span><span style=\"font-weight: 400\"><br \/>\n<\/span><b>Si quieres saber cu\u00e1les son los argumentos de la profesora Anne-Emanuelle Birn, escucha el siguiente audio:<\/b><\/p>\n","protected":false},"excerpt":{"rendered":"<p>Las noticias relacionadas con el sistema de salud de la provincia de Ontario no son pocas este \u00faltimo tiempo. Y seg\u00fan la profesora Anne-Emanuelle Birn, todas ellas llevan a pensar que este es un quiebre: Es \u201cun momento preocupante\u201d y se debe a \u201cuna falta de democracia\u201d y a un \u201cproblema estructural\u201d dijo. La profesora&hellip;<\/p>\n","protected":false},"author":141,"featured_media":147277,"comment_status":"closed","ping_status":"closed","sticky":false,"template":"","format":"standard","meta":[],"categories":[57,223,225],"tags":[24434,24686,15674,24840,24839,9484,22521,23393,2105,17474],"radio":[13057],"origine":[267,269,273],"acf":[],"_links":{"self":[{"href":"https:\/\/canada-info.ca\/en\/wp-json\/wp\/v2\/posts\/147258"}],"collection":[{"href":"https:\/\/canada-info.ca\/en\/wp-json\/wp\/v2\/posts"}],"about":[{"href":"https:\/\/canada-info.ca\/en\/wp-json\/wp\/v2\/types\/post"}],"author":[{"embeddable":true,"href":"https:\/\/canada-info.ca\/en\/wp-json\/wp\/v2\/users\/141"}],"replies":[{"embeddable":true,"href":"https:\/\/canada-info.ca\/en\/wp-json\/wp\/v2\/comments?post=147258"}],"version-history":[{"count":3,"href":"https:\/\/canada-info.ca\/en\/wp-json\/wp\/v2\/posts\/147258\/revisions"}],"predecessor-version":[{"id":147498,"href":"https:\/\/canada-info.ca\/en\/wp-json\/wp\/v2\/posts\/147258\/revisions\/147498"}],"wp:featuredmedia":[{"embeddable":true,"href":"https:\/\/canada-info.ca\/en\/wp-json\/wp\/v2\/media\/147277"}],"wp:attachment":[{"href":"https:\/\/canada-info.ca\/en\/wp-json\/wp\/v2\/media?parent=147258"}],"wp:term":[{"taxonomy":"category","embeddable":true,"href":"https:\/\/canada-info.ca\/en\/wp-json\/wp\/v2\/categories?post=147258"},{"taxonomy":"post_tag","embeddable":true,"href":"https:\/\/canada-info.ca\/en\/wp-json\/wp\/v2\/tags?post=147258"},{"taxonomy":"radio","embeddable":true,"href":"https:\/\/canada-info.ca\/en\/wp-json\/wp\/v2\/radio?post=147258"},{"taxonomy":"origine","embeddable":true,"href":"https:\/\/canada-info.ca\/en\/wp-json\/wp\/v2\/origine?post=147258"}],"curies":[{"name":"wp","href":"https:\/\/api.w.org\/{rel}","templated":true}]}}